{"id":711,"date":"2019-11-07T10:00:20","date_gmt":"2019-11-07T09:00:20","guid":{"rendered":"http:\/\/tousensemblepourbuc.org\/?p=711"},"modified":"2019-12-24T15:06:09","modified_gmt":"2019-12-24T14:06:09","slug":"urbanisme-ce-projet-ne-nous-a-pas-plu","status":"publish","type":"post","link":"http:\/\/tousensemblepourbuc.org\/index.php\/2019\/11\/07\/urbanisme-ce-projet-ne-nous-a-pas-plu\/","title":{"rendered":"Urbanisme : ce projet ne nous a pas plu !"},"content":{"rendered":"\t\t<div data-elementor-type=\"wp-post\" data-elementor-id=\"711\" class=\"elementor elementor-711\">\n\t\t\t\t\t\t<section class=\"elementor-section elementor-top-section elementor-element elementor-element-a4b5f9b elementor-section-boxed elementor-section-height-default elementor-section-height-default\" data-id=\"a4b5f9b\" data-element_type=\"section\">\n\t\t\t\t\t\t<div class=\"elementor-container elementor-column-gap-default\">\n\t\t\t\t\t<div class=\"elementor-column elementor-col-100 elementor-top-column elementor-element elementor-element-c8a779d\" data-id=\"c8a779d\" data-element_type=\"column\">\n\t\t\t<div class=\"elementor-widget-wrap elementor-element-populated\">\n\t\t\t\t\t\t<div class=\"elementor-element elementor-element-cc03f14 elementor-widget elementor-widget-text-editor\" data-id=\"cc03f14\" data-element_type=\"widget\" data-widget_type=\"text-editor.default\">\n\t\t\t\t<div class=\"elementor-widget-container\">\n\t\t\t\t\t\t\t\t\t<h5><em>Cet article avait \u00e9t\u00e9 publi\u00e9 par le groupe municipal Buc Pour Tous \u00e0 l&#8217;issue de la r\u00e9vision du PLU. <\/em><\/h5><h5><em>Nous avions vot\u00e9 contre la fa\u00e7on dont ce projet, tr\u00e8s important pour l&#8217;\u00e9volution de Buc \u00e0 l&#8217;horizon 2030-2035, avait \u00e9t\u00e9 conduit<\/em><\/h5>\t\t\t\t\t\t\t\t<\/div>\n\t\t\t\t<\/div>\n\t\t\t\t\t<\/div>\n\t\t<\/div>\n\t\t\t\t\t<\/div>\n\t\t<\/section>\n\t\t\t\t<section class=\"elementor-section elementor-top-section elementor-element elementor-element-b1d4fdd elementor-section-boxed elementor-section-height-default elementor-section-height-default\" data-id=\"b1d4fdd\" data-element_type=\"section\">\n\t\t\t\t\t\t<div class=\"elementor-container elementor-column-gap-default\">\n\t\t\t\t\t<div class=\"elementor-column elementor-col-100 elementor-top-column elementor-element elementor-element-c7a8704\" data-id=\"c7a8704\" data-element_type=\"column\">\n\t\t\t<div class=\"elementor-widget-wrap elementor-element-populated\">\n\t\t\t\t\t\t<div class=\"elementor-element elementor-element-ebc4633 elementor-widget-divider--view-line elementor-widget elementor-widget-divider\" data-id=\"ebc4633\" data-element_type=\"widget\" data-widget_type=\"divider.default\">\n\t\t\t\t<div class=\"elementor-widget-container\">\n\t\t\t\t\t\t\t<div class=\"elementor-divider\">\n\t\t\t<span class=\"elementor-divider-separator\">\n\t\t\t\t\t\t<\/span>\n\t\t<\/div>\n\t\t\t\t\t\t<\/div>\n\t\t\t\t<\/div>\n\t\t\t\t\t<\/div>\n\t\t<\/div>\n\t\t\t\t\t<\/div>\n\t\t<\/section>\n\t\t\t\t<section class=\"elementor-section elementor-top-section elementor-element elementor-element-46696b7 elementor-section-boxed elementor-section-height-default elementor-section-height-default\" data-id=\"46696b7\" data-element_type=\"section\">\n\t\t\t\t\t\t<div class=\"elementor-container elementor-column-gap-default\">\n\t\t\t\t\t<div class=\"elementor-column elementor-col-100 elementor-top-column elementor-element elementor-element-adef23b\" data-id=\"adef23b\" data-element_type=\"column\">\n\t\t\t<div class=\"elementor-widget-wrap elementor-element-populated\">\n\t\t\t\t\t\t<div class=\"elementor-element elementor-element-da1b046 elementor-widget elementor-widget-text-editor\" data-id=\"da1b046\" data-element_type=\"widget\" data-widget_type=\"text-editor.default\">\n\t\t\t\t<div class=\"elementor-widget-container\">\n\t\t\t\t\t\t\t\t\t<p>Le 12 f\u00e9vrier 2018, lors du conseil municipal, l\u2019\u00e9quipe majoritaire a ent\u00e9rin\u00e9 le projet de Plan Local d&#8217;Urbanisme (PLU).<\/p><p>Ce sont plus de trente Bucoises et Bucois, venus assister \u00e0 cette s\u00e9ance, qui n\u2019ont pu que constater que leur mobilisation n\u2019avait pas suffi.<\/p><p>Nous vous invitons \u00e0 lire l&#8217;article paru dans Toutes les Nouvelles de Versailles le 14 f\u00e9vrier 2018 qui porte sur la r\u00e9union du conseil municipal du 12 f\u00e9vrier au cours de laquelle le projet de PLU a \u00e9t\u00e9 vot\u00e9.<\/p><p><a href=\"http:\/\/tousensemblepourbuc.org\/wp-content\/uploads\/2019\/12\/Toutes-les-Nouvelles-de-Versailles-du-21-02-2018-conseil-municipal-PLU.pdf\" target=\"_blank\" rel=\"noopener\">Toutes-les-Nouvelles-de-Versailles-du-21-02-2018-conseil-municipal-PLU<\/a><\/p><h6><strong>Et pourtant il y avait toutes les raisons pour justifier une adaptation du projet pr\u00e9sent\u00e9<\/strong>.<\/h6><p>Le projet pr\u00e9sent\u00e9 fait l\u2019impasse sur pr\u00e8s de 30% de logements sociaux \u00e0 construire en plus des 90 pr\u00e9vus. Ce sera donc \u00e0 la prochaine \u00e9quipe municipale de g\u00e9rer cette probl\u00e9matique.<\/p>\t\t\t\t\t\t\t\t<\/div>\n\t\t\t\t<\/div>\n\t\t\t\t\t<\/div>\n\t\t<\/div>\n\t\t\t\t\t<\/div>\n\t\t<\/section>\n\t\t\t\t<section class=\"elementor-section elementor-top-section elementor-element elementor-element-031b4ae elementor-section-boxed elementor-section-height-default elementor-section-height-default\" data-id=\"031b4ae\" data-element_type=\"section\">\n\t\t\t\t\t\t<div class=\"elementor-container elementor-column-gap-default\">\n\t\t\t\t\t<div class=\"elementor-column elementor-col-100 elementor-top-column elementor-element elementor-element-031f3df\" data-id=\"031f3df\" data-element_type=\"column\">\n\t\t\t<div class=\"elementor-widget-wrap elementor-element-populated\">\n\t\t\t\t\t\t<div class=\"elementor-element elementor-element-56e3b2a elementor-widget elementor-widget-image\" data-id=\"56e3b2a\" data-element_type=\"widget\" data-widget_type=\"image.default\">\n\t\t\t\t<div class=\"elementor-widget-container\">\n\t\t\t\t\t\t\t\t\t\t\t\t<figure class=\"wp-caption\">\n\t\t\t\t\t\t\t\t\t\t<img fetchpriority=\"high\" decoding=\"async\" width=\"560\" height=\"519\" src=\"http:\/\/tousensemblepourbuc.org\/wp-content\/uploads\/2019\/12\/PLU-Buc-OAP.png\" class=\"attachment-medium_large size-medium_large wp-image-717\" alt=\"\" srcset=\"http:\/\/tousensemblepourbuc.org\/wp-content\/uploads\/2019\/12\/PLU-Buc-OAP.png 560w, http:\/\/tousensemblepourbuc.org\/wp-content\/uploads\/2019\/12\/PLU-Buc-OAP-300x278.png 300w\" sizes=\"(max-width: 560px) 100vw, 560px\" \/>\t\t\t\t\t\t\t\t\t\t\t<figcaption class=\"widget-image-caption wp-caption-text\">Carte des OAP retenues dans le PLU<\/figcaption>\n\t\t\t\t\t\t\t\t\t\t<\/figure>\n\t\t\t\t\t\t\t\t\t<\/div>\n\t\t\t\t<\/div>\n\t\t\t\t\t<\/div>\n\t\t<\/div>\n\t\t\t\t\t<\/div>\n\t\t<\/section>\n\t\t\t\t<section class=\"elementor-section elementor-top-section elementor-element elementor-element-d60cd06 elementor-section-boxed elementor-section-height-default elementor-section-height-default\" data-id=\"d60cd06\" data-element_type=\"section\">\n\t\t\t\t\t\t<div class=\"elementor-container elementor-column-gap-default\">\n\t\t\t\t\t<div class=\"elementor-column elementor-col-100 elementor-top-column elementor-element elementor-element-481c4cd\" data-id=\"481c4cd\" data-element_type=\"column\">\n\t\t\t<div class=\"elementor-widget-wrap elementor-element-populated\">\n\t\t\t\t\t\t<div class=\"elementor-element elementor-element-f3a742d elementor-widget elementor-widget-text-editor\" data-id=\"f3a742d\" data-element_type=\"widget\" data-widget_type=\"text-editor.default\">\n\t\t\t\t<div class=\"elementor-widget-container\">\n\t\t\t\t\t\t\t\t\t<h6>Au lieu de multiplier les OAP pour permettre une r\u00e9partition des logements sociaux dans Buc, leur r\u00e9duction \u00e0 3 pourrait conduire, au contraire, \u00e0 avoir un taux de plus de 45% de logements sociaux sur certains programmes et notamment sur le Fort de Buc : et pourtant tout le monde s\u2019accordait \u00e0 dire que ce n\u2019est pas souhaitable.<\/h6>\t\t\t\t\t\t\t\t<\/div>\n\t\t\t\t<\/div>\n\t\t\t\t\t<\/div>\n\t\t<\/div>\n\t\t\t\t\t<\/div>\n\t\t<\/section>\n\t\t\t\t<section class=\"elementor-section elementor-top-section elementor-element elementor-element-82a46b6 elementor-section-boxed elementor-section-height-default elementor-section-height-default\" data-id=\"82a46b6\" data-element_type=\"section\">\n\t\t\t\t\t\t<div class=\"elementor-container elementor-column-gap-default\">\n\t\t\t\t\t<div class=\"elementor-column elementor-col-100 elementor-top-column elementor-element elementor-element-2c9a54e\" data-id=\"2c9a54e\" data-element_type=\"column\">\n\t\t\t<div class=\"elementor-widget-wrap elementor-element-populated\">\n\t\t\t\t\t\t<div class=\"elementor-element elementor-element-701323b elementor-widget elementor-widget-text-editor\" data-id=\"701323b\" data-element_type=\"widget\" data-widget_type=\"text-editor.default\">\n\t\t\t\t<div class=\"elementor-widget-container\">\n\t\t\t\t\t\t\t\t\t<p><strong>Information ne veut pas dire concertation<\/strong> et recevoir les m\u00e9contents ou ceux qui s\u2019interrogent \u00e0 quelques jours d\u2019un vote est certes louable mais bien tardif pour pouvoir entendre et int\u00e9grer leurs arguments et partager avec eux le projet.<\/p><p><strong>Parce que finalement, c\u2019est bien de cela dont il s\u2019agit : il a manqu\u00e9 un projet !<\/strong><\/p><p>La question essentielle qu\u2019il fallait se poser au d\u00e9but de ce processus et sur laquelle trouver des r\u00e9ponses avec les Bucois a \u00e9t\u00e9 perdue de vue : <strong>A quoi voulons-nous que Buc ressemble demain ?<\/strong><\/p><p>Il nous fallait d\u00e9finir une vision qui prenne en compte : l\u2019\u00e9volution n\u00e9cessaire de la commune en nombre d\u2019habitants et de logements sociaux, la pr\u00e9servation du cadre de vie et la r\u00e9novation ou le remplacement de certains b\u00e2timents, l\u2019implantation \u00e9quilibr\u00e9e des nouvelles constructions, la capacit\u00e9 \u00e0 imaginer des alternatives, l\u2019int\u00e9gration de notre zone d\u2019activit\u00e9s dans la r\u00e9flexion,&#8230; et tout ceci en impliquant les Bucois d\u00e8s la r\u00e9flexion initiale et tout au long du projet.<\/p><p><strong style=\"font-size: 16px;\">Malheureusement nous avons rat\u00e9 ce rendez-vous de d\u00e9mocratie participative, alors que de plus en plus de communes fran\u00e7aises en font bon usage !<\/strong><\/p><p>Soyons vigilants sur les projets \u00e0 venir.<\/p>\t\t\t\t\t\t\t\t<\/div>\n\t\t\t\t<\/div>\n\t\t\t\t\t<\/div>\n\t\t<\/div>\n\t\t\t\t\t<\/div>\n\t\t<\/section>\n\t\t\t\t<\/div>\n\t\t","protected":false},"excerpt":{"rendered":"<p>Cet article avait \u00e9t\u00e9 publi\u00e9 par le groupe municipal Buc Pour Tous \u00e0 l&#8217;issue de la r\u00e9vision du PLU. Nous avions vot\u00e9 contre la fa\u00e7on dont ce projet, tr\u00e8s important pour l&#8217;\u00e9volution de Buc \u00e0 l&#8217;horizon 2030-2035, avait \u00e9t\u00e9 conduit Le 12 f\u00e9vrier 2018, lors du conseil municipal, l\u2019\u00e9quipe majoritaire a ent\u00e9rin\u00e9 le projet de [&hellip;]<\/p>\n","protected":false},"author":1,"featured_media":704,"comment_status":"closed","ping_status":"open","sticky":false,"template":"","format":"standard","meta":{"site-sidebar-layout":"default","site-content-layout":"default","ast-site-content-layout":"default","site-content-style":"default","site-sidebar-style":"default","ast-global-header-display":"","ast-banner-title-visibility":"","ast-main-header-display":"","ast-hfb-above-header-display":"","ast-hfb-below-header-display":"","ast-hfb-mobile-header-display":"","site-post-title":"","ast-breadcrumbs-content":"","ast-featured-img":"","footer-sml-layout":"","theme-transparent-header-meta":"default","adv-header-id-meta":"","stick-header-meta":"","header-above-stick-meta":"","header-main-stick-meta":"","header-below-stick-meta":"","astra-migrate-meta-layouts":"default","ast-page-background-enabled":"default","ast-page-background-meta":{"desktop":{"background-color":"","background-image":"","background-repeat":"repeat","background-position":"center center","background-size":"auto","background-attachment":"scroll","background-type":"","background-media":"","overlay-type":"","overlay-color":"","overlay-opacity":"","overlay-gradient":""},"tablet":{"background-color":"","background-image":"","background-repeat":"repeat","background-position":"center center","background-size":"auto","background-attachment":"scroll","background-type":"","background-media":"","overlay-type":"","overlay-color":"","overlay-opacity":"","overlay-gradient":""},"mobile":{"background-color":"","background-image":"","background-repeat":"repeat","background-position":"center center","background-size":"auto","background-attachment":"scroll","background-type":"","background-media":"","overlay-type":"","overlay-color":"","overlay-opacity":"","overlay-gradient":""}},"ast-content-background-meta":{"desktop":{"background-color":"var(--ast-global-color-5)","background-image":"","background-repeat":"repeat","background-position":"center center","background-size":"auto","background-attachment":"scroll","background-type":"","background-media":"","overlay-type":"","overlay-color":"","overlay-opacity":"","overlay-gradient":""},"tablet":{"background-color":"var(--ast-global-color-5)","background-image":"","background-repeat":"repeat","background-position":"center center","background-size":"auto","background-attachment":"scroll","background-type":"","background-media":"","overlay-type":"","overlay-color":"","overlay-opacity":"","overlay-gradient":""},"mobile":{"background-color":"var(--ast-global-color-5)","background-image":"","background-repeat":"repeat","background-position":"center center","background-size":"auto","background-attachment":"scroll","background-type":"","background-media":"","overlay-type":"","overlay-color":"","overlay-opacity":"","overlay-gradient":""}},"footnotes":""},"categories":[1],"tags":[3,12,9],"class_list":["post-711","post","type-post","status-publish","format-standard","has-post-thumbnail","hentry","category-non-classe","tag-democratie-participative","tag-plu","tag-urbanisme"],"yoast_head":"<!-- This site is optimized with the Yoast SEO plugin v26.6 - https:\/\/yoast.com\/wordpress\/plugins\/seo\/ -->\n<title>Urbanisme : ce projet ne nous a pas plu ! - Tous Ensemble pour Buc !<\/title>\n<meta name=\"description\" content=\"Un projet d&#039;urbanisme malheureusement sans vision et sans concertation pour construire Buc \u00e0 l&#039;horizon 2030-2035. Moment rat\u00e9 de d\u00e9mocratie constructive\" \/>\n<meta name=\"robots\" content=\"index, follow, max-snippet:-1, max-image-preview:large, max-video-preview:-1\" \/>\n<link rel=\"canonical\" href=\"http:\/\/tousensemblepourbuc.org\/index.php\/2019\/11\/07\/urbanisme-ce-projet-ne-nous-a-pas-plu\/\" \/>\n<meta property=\"og:locale\" content=\"en_US\" \/>\n<meta property=\"og:type\" content=\"article\" \/>\n<meta property=\"og:title\" content=\"Urbanisme : ce projet ne nous a pas plu ! - Tous Ensemble pour Buc !\" \/>\n<meta property=\"og:description\" content=\"Un projet d&#039;urbanisme malheureusement sans vision et sans concertation pour construire Buc \u00e0 l&#039;horizon 2030-2035. Moment rat\u00e9 de d\u00e9mocratie constructive\" \/>\n<meta property=\"og:url\" content=\"http:\/\/tousensemblepourbuc.org\/index.php\/2019\/11\/07\/urbanisme-ce-projet-ne-nous-a-pas-plu\/\" \/>\n<meta property=\"og:site_name\" content=\"Tous Ensemble pour Buc !\" \/>\n<meta property=\"article:published_time\" content=\"2019-11-07T09:00:20+00:00\" \/>\n<meta property=\"article:modified_time\" content=\"2019-12-24T14:06:09+00:00\" \/>\n<meta property=\"og:image\" content=\"http:\/\/tousensemblepourbuc.org\/wp-content\/uploads\/2019\/12\/PLU-Buc-Rapport-1.png\" \/>\n\t<meta property=\"og:image:width\" content=\"826\" \/>\n\t<meta property=\"og:image:height\" content=\"566\" \/>\n\t<meta property=\"og:image:type\" content=\"image\/png\" \/>\n<meta name=\"author\" content=\"admin1907\" \/>\n<meta name=\"twitter:card\" content=\"summary_large_image\" \/>\n<meta name=\"twitter:label1\" content=\"Written by\" \/>\n\t<meta name=\"twitter:data1\" content=\"admin1907\" \/>\n\t<meta name=\"twitter:label2\" content=\"Est. reading time\" \/>\n\t<meta name=\"twitter:data2\" content=\"2 minutes\" \/>\n<script type=\"application\/ld+json\" class=\"yoast-schema-graph\">{\"@context\":\"https:\/\/schema.org\",\"@graph\":[{\"@type\":\"Article\",\"@id\":\"http:\/\/tousensemblepourbuc.org\/index.php\/2019\/11\/07\/urbanisme-ce-projet-ne-nous-a-pas-plu\/#article\",\"isPartOf\":{\"@id\":\"http:\/\/tousensemblepourbuc.org\/index.php\/2019\/11\/07\/urbanisme-ce-projet-ne-nous-a-pas-plu\/\"},\"author\":{\"name\":\"admin1907\",\"@id\":\"https:\/\/tousensemblepourbuc.org\/#\/schema\/person\/f46bc44ec623d920f6df4a7a9d54c497\"},\"headline\":\"Urbanisme : ce projet ne nous a pas plu !\",\"datePublished\":\"2019-11-07T09:00:20+00:00\",\"dateModified\":\"2019-12-24T14:06:09+00:00\",\"mainEntityOfPage\":{\"@id\":\"http:\/\/tousensemblepourbuc.org\/index.php\/2019\/11\/07\/urbanisme-ce-projet-ne-nous-a-pas-plu\/\"},\"wordCount\":462,\"publisher\":{\"@id\":\"https:\/\/tousensemblepourbuc.org\/#organization\"},\"image\":{\"@id\":\"http:\/\/tousensemblepourbuc.org\/index.php\/2019\/11\/07\/urbanisme-ce-projet-ne-nous-a-pas-plu\/#primaryimage\"},\"thumbnailUrl\":\"http:\/\/tousensemblepourbuc.org\/wp-content\/uploads\/2019\/12\/PLU-Buc-Rapport-1.png\",\"keywords\":[\"d\u00e9mocratie participative\",\"PLU\",\"urbanisme\"],\"articleSection\":[\"Non class\u00e9\"],\"inLanguage\":\"en-US\"},{\"@type\":\"WebPage\",\"@id\":\"http:\/\/tousensemblepourbuc.org\/index.php\/2019\/11\/07\/urbanisme-ce-projet-ne-nous-a-pas-plu\/\",\"url\":\"http:\/\/tousensemblepourbuc.org\/index.php\/2019\/11\/07\/urbanisme-ce-projet-ne-nous-a-pas-plu\/\",\"name\":\"Urbanisme : ce projet ne nous a pas plu ! - Tous Ensemble pour Buc !\",\"isPartOf\":{\"@id\":\"https:\/\/tousensemblepourbuc.org\/#website\"},\"primaryImageOfPage\":{\"@id\":\"http:\/\/tousensemblepourbuc.org\/index.php\/2019\/11\/07\/urbanisme-ce-projet-ne-nous-a-pas-plu\/#primaryimage\"},\"image\":{\"@id\":\"http:\/\/tousensemblepourbuc.org\/index.php\/2019\/11\/07\/urbanisme-ce-projet-ne-nous-a-pas-plu\/#primaryimage\"},\"thumbnailUrl\":\"http:\/\/tousensemblepourbuc.org\/wp-content\/uploads\/2019\/12\/PLU-Buc-Rapport-1.png\",\"datePublished\":\"2019-11-07T09:00:20+00:00\",\"dateModified\":\"2019-12-24T14:06:09+00:00\",\"description\":\"Un projet d'urbanisme malheureusement sans vision et sans concertation pour construire Buc \u00e0 l'horizon 2030-2035. Moment rat\u00e9 de d\u00e9mocratie constructive\",\"breadcrumb\":{\"@id\":\"http:\/\/tousensemblepourbuc.org\/index.php\/2019\/11\/07\/urbanisme-ce-projet-ne-nous-a-pas-plu\/#breadcrumb\"},\"inLanguage\":\"en-US\",\"potentialAction\":[{\"@type\":\"ReadAction\",\"target\":[\"http:\/\/tousensemblepourbuc.org\/index.php\/2019\/11\/07\/urbanisme-ce-projet-ne-nous-a-pas-plu\/\"]}]},{\"@type\":\"ImageObject\",\"inLanguage\":\"en-US\",\"@id\":\"http:\/\/tousensemblepourbuc.org\/index.php\/2019\/11\/07\/urbanisme-ce-projet-ne-nous-a-pas-plu\/#primaryimage\",\"url\":\"http:\/\/tousensemblepourbuc.org\/wp-content\/uploads\/2019\/12\/PLU-Buc-Rapport-1.png\",\"contentUrl\":\"http:\/\/tousensemblepourbuc.org\/wp-content\/uploads\/2019\/12\/PLU-Buc-Rapport-1.png\",\"width\":826,\"height\":566},{\"@type\":\"BreadcrumbList\",\"@id\":\"http:\/\/tousensemblepourbuc.org\/index.php\/2019\/11\/07\/urbanisme-ce-projet-ne-nous-a-pas-plu\/#breadcrumb\",\"itemListElement\":[{\"@type\":\"ListItem\",\"position\":1,\"name\":\"Accueil\",\"item\":\"https:\/\/tousensemblepourbuc.org\/\"},{\"@type\":\"ListItem\",\"position\":2,\"name\":\"Urbanisme : ce projet ne nous a pas plu !\"}]},{\"@type\":\"WebSite\",\"@id\":\"https:\/\/tousensemblepourbuc.org\/#website\",\"url\":\"https:\/\/tousensemblepourbuc.org\/\",\"name\":\"Tous Ensemble pour Buc !\",\"description\":\"My Awesome &lt;b&gt;GivingPress&lt;\/b&gt;&lt;br \/&gt; Nonprofit Website\",\"publisher\":{\"@id\":\"https:\/\/tousensemblepourbuc.org\/#organization\"},\"potentialAction\":[{\"@type\":\"SearchAction\",\"target\":{\"@type\":\"EntryPoint\",\"urlTemplate\":\"https:\/\/tousensemblepourbuc.org\/?s={search_term_string}\"},\"query-input\":{\"@type\":\"PropertyValueSpecification\",\"valueRequired\":true,\"valueName\":\"search_term_string\"}}],\"inLanguage\":\"en-US\"},{\"@type\":\"Organization\",\"@id\":\"https:\/\/tousensemblepourbuc.org\/#organization\",\"name\":\"Tous Ensemble pour Buc !\",\"url\":\"https:\/\/tousensemblepourbuc.org\/\",\"logo\":{\"@type\":\"ImageObject\",\"inLanguage\":\"en-US\",\"@id\":\"https:\/\/tousensemblepourbuc.org\/#\/schema\/logo\/image\/\",\"url\":\"http:\/\/tousensemblepourbuc.org\/wp-content\/uploads\/2019\/11\/cropped-logo-tous-ensemble-pour-buc-banni\u00e8re-2.png\",\"contentUrl\":\"http:\/\/tousensemblepourbuc.org\/wp-content\/uploads\/2019\/11\/cropped-logo-tous-ensemble-pour-buc-banni\u00e8re-2.png\",\"width\":3735,\"height\":1246,\"caption\":\"Tous Ensemble pour Buc !\"},\"image\":{\"@id\":\"https:\/\/tousensemblepourbuc.org\/#\/schema\/logo\/image\/\"}},{\"@type\":\"Person\",\"@id\":\"https:\/\/tousensemblepourbuc.org\/#\/schema\/person\/f46bc44ec623d920f6df4a7a9d54c497\",\"name\":\"admin1907\",\"image\":{\"@type\":\"ImageObject\",\"inLanguage\":\"en-US\",\"@id\":\"https:\/\/tousensemblepourbuc.org\/#\/schema\/person\/image\/\",\"url\":\"https:\/\/secure.gravatar.com\/avatar\/bf8366c5ed158099378b4b04291012e625dd90550ebbb0a597cf3fc7b94f9758?s=96&d=mm&r=g\",\"contentUrl\":\"https:\/\/secure.gravatar.com\/avatar\/bf8366c5ed158099378b4b04291012e625dd90550ebbb0a597cf3fc7b94f9758?s=96&d=mm&r=g\",\"caption\":\"admin1907\"},\"url\":\"http:\/\/tousensemblepourbuc.org\/index.php\/author\/admin1907\/\"}]}<\/script>\n<!-- \/ Yoast SEO plugin. -->","yoast_head_json":{"title":"Urbanisme : ce projet ne nous a pas plu ! - Tous Ensemble pour Buc !","description":"Un projet d'urbanisme malheureusement sans vision et sans concertation pour construire Buc \u00e0 l'horizon 2030-2035. Moment rat\u00e9 de d\u00e9mocratie constructive","robots":{"index":"index","follow":"follow","max-snippet":"max-snippet:-1","max-image-preview":"max-image-preview:large","max-video-preview":"max-video-preview:-1"},"canonical":"http:\/\/tousensemblepourbuc.org\/index.php\/2019\/11\/07\/urbanisme-ce-projet-ne-nous-a-pas-plu\/","og_locale":"en_US","og_type":"article","og_title":"Urbanisme : ce projet ne nous a pas plu ! - Tous Ensemble pour Buc !","og_description":"Un projet d'urbanisme malheureusement sans vision et sans concertation pour construire Buc \u00e0 l'horizon 2030-2035. Moment rat\u00e9 de d\u00e9mocratie constructive","og_url":"http:\/\/tousensemblepourbuc.org\/index.php\/2019\/11\/07\/urbanisme-ce-projet-ne-nous-a-pas-plu\/","og_site_name":"Tous Ensemble pour Buc !","article_published_time":"2019-11-07T09:00:20+00:00","article_modified_time":"2019-12-24T14:06:09+00:00","og_image":[{"width":826,"height":566,"url":"http:\/\/tousensemblepourbuc.org\/wp-content\/uploads\/2019\/12\/PLU-Buc-Rapport-1.png","type":"image\/png"}],"author":"admin1907","twitter_card":"summary_large_image","twitter_misc":{"Written by":"admin1907","Est. reading time":"2 minutes"},"schema":{"@context":"https:\/\/schema.org","@graph":[{"@type":"Article","@id":"http:\/\/tousensemblepourbuc.org\/index.php\/2019\/11\/07\/urbanisme-ce-projet-ne-nous-a-pas-plu\/#article","isPartOf":{"@id":"http:\/\/tousensemblepourbuc.org\/index.php\/2019\/11\/07\/urbanisme-ce-projet-ne-nous-a-pas-plu\/"},"author":{"name":"admin1907","@id":"https:\/\/tousensemblepourbuc.org\/#\/schema\/person\/f46bc44ec623d920f6df4a7a9d54c497"},"headline":"Urbanisme : ce projet ne nous a pas plu !","datePublished":"2019-11-07T09:00:20+00:00","dateModified":"2019-12-24T14:06:09+00:00","mainEntityOfPage":{"@id":"http:\/\/tousensemblepourbuc.org\/index.php\/2019\/11\/07\/urbanisme-ce-projet-ne-nous-a-pas-plu\/"},"wordCount":462,"publisher":{"@id":"https:\/\/tousensemblepourbuc.org\/#organization"},"image":{"@id":"http:\/\/tousensemblepourbuc.org\/index.php\/2019\/11\/07\/urbanisme-ce-projet-ne-nous-a-pas-plu\/#primaryimage"},"thumbnailUrl":"http:\/\/tousensemblepourbuc.org\/wp-content\/uploads\/2019\/12\/PLU-Buc-Rapport-1.png","keywords":["d\u00e9mocratie participative","PLU","urbanisme"],"articleSection":["Non class\u00e9"],"inLanguage":"en-US"},{"@type":"WebPage","@id":"http:\/\/tousensemblepourbuc.org\/index.php\/2019\/11\/07\/urbanisme-ce-projet-ne-nous-a-pas-plu\/","url":"http:\/\/tousensemblepourbuc.org\/index.php\/2019\/11\/07\/urbanisme-ce-projet-ne-nous-a-pas-plu\/","name":"Urbanisme : ce projet ne nous a pas plu ! - Tous Ensemble pour Buc !","isPartOf":{"@id":"https:\/\/tousensemblepourbuc.org\/#website"},"primaryImageOfPage":{"@id":"http:\/\/tousensemblepourbuc.org\/index.php\/2019\/11\/07\/urbanisme-ce-projet-ne-nous-a-pas-plu\/#primaryimage"},"image":{"@id":"http:\/\/tousensemblepourbuc.org\/index.php\/2019\/11\/07\/urbanisme-ce-projet-ne-nous-a-pas-plu\/#primaryimage"},"thumbnailUrl":"http:\/\/tousensemblepourbuc.org\/wp-content\/uploads\/2019\/12\/PLU-Buc-Rapport-1.png","datePublished":"2019-11-07T09:00:20+00:00","dateModified":"2019-12-24T14:06:09+00:00","description":"Un projet d'urbanisme malheureusement sans vision et sans concertation pour construire Buc \u00e0 l'horizon 2030-2035. Moment rat\u00e9 de d\u00e9mocratie constructive","breadcrumb":{"@id":"http:\/\/tousensemblepourbuc.org\/index.php\/2019\/11\/07\/urbanisme-ce-projet-ne-nous-a-pas-plu\/#breadcrumb"},"inLanguage":"en-US","potentialAction":[{"@type":"ReadAction","target":["http:\/\/tousensemblepourbuc.org\/index.php\/2019\/11\/07\/urbanisme-ce-projet-ne-nous-a-pas-plu\/"]}]},{"@type":"ImageObject","inLanguage":"en-US","@id":"http:\/\/tousensemblepourbuc.org\/index.php\/2019\/11\/07\/urbanisme-ce-projet-ne-nous-a-pas-plu\/#primaryimage","url":"http:\/\/tousensemblepourbuc.org\/wp-content\/uploads\/2019\/12\/PLU-Buc-Rapport-1.png","contentUrl":"http:\/\/tousensemblepourbuc.org\/wp-content\/uploads\/2019\/12\/PLU-Buc-Rapport-1.png","width":826,"height":566},{"@type":"BreadcrumbList","@id":"http:\/\/tousensemblepourbuc.org\/index.php\/2019\/11\/07\/urbanisme-ce-projet-ne-nous-a-pas-plu\/#breadcrumb","itemListElement":[{"@type":"ListItem","position":1,"name":"Accueil","item":"https:\/\/tousensemblepourbuc.org\/"},{"@type":"ListItem","position":2,"name":"Urbanisme : ce projet ne nous a pas plu !"}]},{"@type":"WebSite","@id":"https:\/\/tousensemblepourbuc.org\/#website","url":"https:\/\/tousensemblepourbuc.org\/","name":"Tous Ensemble pour Buc !","description":"My Awesome &lt;b&gt;GivingPress&lt;\/b&gt;&lt;br \/&gt; Nonprofit Website","publisher":{"@id":"https:\/\/tousensemblepourbuc.org\/#organization"},"potentialAction":[{"@type":"SearchAction","target":{"@type":"EntryPoint","urlTemplate":"https:\/\/tousensemblepourbuc.org\/?s={search_term_string}"},"query-input":{"@type":"PropertyValueSpecification","valueRequired":true,"valueName":"search_term_string"}}],"inLanguage":"en-US"},{"@type":"Organization","@id":"https:\/\/tousensemblepourbuc.org\/#organization","name":"Tous Ensemble pour Buc !","url":"https:\/\/tousensemblepourbuc.org\/","logo":{"@type":"ImageObject","inLanguage":"en-US","@id":"https:\/\/tousensemblepourbuc.org\/#\/schema\/logo\/image\/","url":"http:\/\/tousensemblepourbuc.org\/wp-content\/uploads\/2019\/11\/cropped-logo-tous-ensemble-pour-buc-banni\u00e8re-2.png","contentUrl":"http:\/\/tousensemblepourbuc.org\/wp-content\/uploads\/2019\/11\/cropped-logo-tous-ensemble-pour-buc-banni\u00e8re-2.png","width":3735,"height":1246,"caption":"Tous Ensemble pour Buc !"},"image":{"@id":"https:\/\/tousensemblepourbuc.org\/#\/schema\/logo\/image\/"}},{"@type":"Person","@id":"https:\/\/tousensemblepourbuc.org\/#\/schema\/person\/f46bc44ec623d920f6df4a7a9d54c497","name":"admin1907","image":{"@type":"ImageObject","inLanguage":"en-US","@id":"https:\/\/tousensemblepourbuc.org\/#\/schema\/person\/image\/","url":"https:\/\/secure.gravatar.com\/avatar\/bf8366c5ed158099378b4b04291012e625dd90550ebbb0a597cf3fc7b94f9758?s=96&d=mm&r=g","contentUrl":"https:\/\/secure.gravatar.com\/avatar\/bf8366c5ed158099378b4b04291012e625dd90550ebbb0a597cf3fc7b94f9758?s=96&d=mm&r=g","caption":"admin1907"},"url":"http:\/\/tousensemblepourbuc.org\/index.php\/author\/admin1907\/"}]}},"_links":{"self":[{"href":"http:\/\/tousensemblepourbuc.org\/index.php\/wp-json\/wp\/v2\/posts\/711","targetHints":{"allow":["GET"]}}],"collection":[{"href":"http:\/\/tousensemblepourbuc.org\/index.php\/wp-json\/wp\/v2\/posts"}],"about":[{"href":"http:\/\/tousensemblepourbuc.org\/index.php\/wp-json\/wp\/v2\/types\/post"}],"author":[{"embeddable":true,"href":"http:\/\/tousensemblepourbuc.org\/index.php\/wp-json\/wp\/v2\/users\/1"}],"replies":[{"embeddable":true,"href":"http:\/\/tousensemblepourbuc.org\/index.php\/wp-json\/wp\/v2\/comments?post=711"}],"version-history":[{"count":16,"href":"http:\/\/tousensemblepourbuc.org\/index.php\/wp-json\/wp\/v2\/posts\/711\/revisions"}],"predecessor-version":[{"id":730,"href":"http:\/\/tousensemblepourbuc.org\/index.php\/wp-json\/wp\/v2\/posts\/711\/revisions\/730"}],"wp:featuredmedia":[{"embeddable":true,"href":"http:\/\/tousensemblepourbuc.org\/index.php\/wp-json\/wp\/v2\/media\/704"}],"wp:attachment":[{"href":"http:\/\/tousensemblepourbuc.org\/index.php\/wp-json\/wp\/v2\/media?parent=711"}],"wp:term":[{"taxonomy":"category","embeddable":true,"href":"http:\/\/tousensemblepourbuc.org\/index.php\/wp-json\/wp\/v2\/categories?post=711"},{"taxonomy":"post_tag","embeddable":true,"href":"http:\/\/tousensemblepourbuc.org\/index.php\/wp-json\/wp\/v2\/tags?post=711"}],"curies":[{"name":"wp","href":"https:\/\/api.w.org\/{rel}","templated":true}]}}