{"id":812,"date":"2020-02-02T08:54:58","date_gmt":"2020-02-02T07:54:58","guid":{"rendered":"http:\/\/tousensemblepourbuc.org\/?p=812"},"modified":"2020-02-09T22:48:42","modified_gmt":"2020-02-09T21:48:42","slug":"retour-sur-la-reunion-publique-du-31-janvier","status":"publish","type":"post","link":"http:\/\/tousensemblepourbuc.org\/index.php\/2020\/02\/02\/retour-sur-la-reunion-publique-du-31-janvier\/","title":{"rendered":"Retour sur la r\u00e9union publique du 31 janvier"},"content":{"rendered":"\t\t<div data-elementor-type=\"wp-post\" data-elementor-id=\"812\" class=\"elementor elementor-812\">\n\t\t\t\t\t\t<section class=\"elementor-section elementor-top-section elementor-element elementor-element-538da6f elementor-section-boxed elementor-section-height-default elementor-section-height-default\" data-id=\"538da6f\" data-element_type=\"section\">\n\t\t\t\t\t\t<div class=\"elementor-container elementor-column-gap-default\">\n\t\t\t\t\t<div class=\"elementor-column elementor-col-100 elementor-top-column elementor-element elementor-element-6c799b9\" data-id=\"6c799b9\" data-element_type=\"column\">\n\t\t\t<div class=\"elementor-widget-wrap elementor-element-populated\">\n\t\t\t\t\t\t<div class=\"elementor-element elementor-element-f4f3579 elementor-widget elementor-widget-heading\" data-id=\"f4f3579\" data-element_type=\"widget\" data-widget_type=\"heading.default\">\n\t\t\t\t<div class=\"elementor-widget-container\">\n\t\t\t\t\t<h2 class=\"elementor-heading-title elementor-size-default\">Pr\u00e8s de 200 personnes ont assist\u00e9 \u00e0 la premi\u00e8re r\u00e9union publique de Tous Ensemble Pour Buc !<\/h2>\t\t\t\t<\/div>\n\t\t\t\t<\/div>\n\t\t\t\t\t<\/div>\n\t\t<\/div>\n\t\t\t\t\t<\/div>\n\t\t<\/section>\n\t\t\t\t<section class=\"elementor-section elementor-top-section elementor-element elementor-element-398434e elementor-section-boxed elementor-section-height-default elementor-section-height-default\" data-id=\"398434e\" data-element_type=\"section\">\n\t\t\t\t\t\t<div class=\"elementor-container elementor-column-gap-default\">\n\t\t\t\t\t<div class=\"elementor-column elementor-col-100 elementor-top-column elementor-element elementor-element-f7c8434\" data-id=\"f7c8434\" data-element_type=\"column\">\n\t\t\t<div class=\"elementor-widget-wrap elementor-element-populated\">\n\t\t\t\t\t\t<div class=\"elementor-element elementor-element-98ab98a elementor-widget elementor-widget-spacer\" data-id=\"98ab98a\" data-element_type=\"widget\" data-widget_type=\"spacer.default\">\n\t\t\t\t<div class=\"elementor-widget-container\">\n\t\t\t\t\t\t\t<div class=\"elementor-spacer\">\n\t\t\t<div class=\"elementor-spacer-inner\"><\/div>\n\t\t<\/div>\n\t\t\t\t\t\t<\/div>\n\t\t\t\t<\/div>\n\t\t\t\t\t<\/div>\n\t\t<\/div>\n\t\t\t\t\t<\/div>\n\t\t<\/section>\n\t\t\t\t<section class=\"elementor-section elementor-top-section elementor-element elementor-element-0cde54a elementor-section-boxed elementor-section-height-default elementor-section-height-default\" data-id=\"0cde54a\" data-element_type=\"section\">\n\t\t\t\t\t\t<div class=\"elementor-container elementor-column-gap-default\">\n\t\t\t\t\t<div class=\"elementor-column elementor-col-100 elementor-top-column elementor-element elementor-element-2d3f1fb\" data-id=\"2d3f1fb\" data-element_type=\"column\">\n\t\t\t<div class=\"elementor-widget-wrap elementor-element-populated\">\n\t\t\t\t\t\t<div class=\"elementor-element elementor-element-b98c213 elementor-widget elementor-widget-text-editor\" data-id=\"b98c213\" data-element_type=\"widget\" data-widget_type=\"text-editor.default\">\n\t\t\t\t<div class=\"elementor-widget-container\">\n\t\t\t\t\t\t\t\t\t<p>Au cours de cette r\u00e9union, nous avons pu pr\u00e9senter notre liste, dire qui nous sommes, ce qui nous anime et quels sont les principaux \u00e9l\u00e9ments de notre projet pour Buc.<\/p><p>Trois th\u00e8mes ont \u00e9t\u00e9 approfondis : la transition \u00e9cologique et \u00e9nerg\u00e9tique, l&#8217;urbanisme et la d\u00e9mocratie constructive.<\/p><p>Nombreuses ont \u00e9t\u00e9 les questions des Bucois et les \u00e9changes qui ont suivi se sont prolong\u00e9s autour d&#8217;un verre.<\/p>\t\t\t\t\t\t\t\t<\/div>\n\t\t\t\t<\/div>\n\t\t\t\t\t<\/div>\n\t\t<\/div>\n\t\t\t\t\t<\/div>\n\t\t<\/section>\n\t\t\t\t<section class=\"elementor-section elementor-top-section elementor-element elementor-element-4143ecf elementor-section-boxed elementor-section-height-default elementor-section-height-default\" data-id=\"4143ecf\" data-element_type=\"section\">\n\t\t\t\t\t\t<div class=\"elementor-container elementor-column-gap-default\">\n\t\t\t\t\t<div class=\"elementor-column elementor-col-100 elementor-top-column elementor-element elementor-element-5404600\" data-id=\"5404600\" data-element_type=\"column\">\n\t\t\t<div class=\"elementor-widget-wrap elementor-element-populated\">\n\t\t\t\t\t\t<div class=\"elementor-element elementor-element-adb64b7 elementor-widget elementor-widget-spacer\" data-id=\"adb64b7\" data-element_type=\"widget\" data-widget_type=\"spacer.default\">\n\t\t\t\t<div class=\"elementor-widget-container\">\n\t\t\t\t\t\t\t<div class=\"elementor-spacer\">\n\t\t\t<div class=\"elementor-spacer-inner\"><\/div>\n\t\t<\/div>\n\t\t\t\t\t\t<\/div>\n\t\t\t\t<\/div>\n\t\t\t\t<div class=\"elementor-element elementor-element-aba238e elementor-widget elementor-widget-image\" data-id=\"aba238e\" data-element_type=\"widget\" data-widget_type=\"image.default\">\n\t\t\t\t<div class=\"elementor-widget-container\">\n\t\t\t\t\t\t\t\t\t\t\t\t\t\t\t<img fetchpriority=\"high\" decoding=\"async\" width=\"1024\" height=\"768\" src=\"http:\/\/tousensemblepourbuc.org\/wp-content\/uploads\/2020\/02\/20200131_204904-1024x768.jpg\" class=\"attachment-large size-large wp-image-814\" alt=\"\" srcset=\"http:\/\/tousensemblepourbuc.org\/wp-content\/uploads\/2020\/02\/20200131_204904-1024x768.jpg 1024w, http:\/\/tousensemblepourbuc.org\/wp-content\/uploads\/2020\/02\/20200131_204904-300x225.jpg 300w, http:\/\/tousensemblepourbuc.org\/wp-content\/uploads\/2020\/02\/20200131_204904-768x576.jpg 768w\" sizes=\"(max-width: 1024px) 100vw, 1024px\" \/>\t\t\t\t\t\t\t\t\t\t\t\t\t\t\t<\/div>\n\t\t\t\t<\/div>\n\t\t\t\t\t<\/div>\n\t\t<\/div>\n\t\t\t\t\t<\/div>\n\t\t<\/section>\n\t\t\t\t<section class=\"elementor-section elementor-top-section elementor-element elementor-element-83821e1 elementor-section-boxed elementor-section-height-default elementor-section-height-default\" data-id=\"83821e1\" data-element_type=\"section\">\n\t\t\t\t\t\t<div class=\"elementor-container elementor-column-gap-default\">\n\t\t\t\t\t<div class=\"elementor-column elementor-col-100 elementor-top-column elementor-element elementor-element-7e75191\" data-id=\"7e75191\" data-element_type=\"column\">\n\t\t\t<div class=\"elementor-widget-wrap elementor-element-populated\">\n\t\t\t\t\t\t<div class=\"elementor-element elementor-element-92e632d elementor-widget elementor-widget-spacer\" data-id=\"92e632d\" data-element_type=\"widget\" data-widget_type=\"spacer.default\">\n\t\t\t\t<div class=\"elementor-widget-container\">\n\t\t\t\t\t\t\t<div class=\"elementor-spacer\">\n\t\t\t<div class=\"elementor-spacer-inner\"><\/div>\n\t\t<\/div>\n\t\t\t\t\t\t<\/div>\n\t\t\t\t<\/div>\n\t\t\t\t\t<\/div>\n\t\t<\/div>\n\t\t\t\t\t<\/div>\n\t\t<\/section>\n\t\t\t\t<section class=\"elementor-section elementor-top-section elementor-element elementor-element-713c636 elementor-section-boxed elementor-section-height-default elementor-section-height-default\" data-id=\"713c636\" data-element_type=\"section\">\n\t\t\t\t\t\t<div class=\"elementor-container elementor-column-gap-default\">\n\t\t\t\t\t<div class=\"elementor-column elementor-col-100 elementor-top-column elementor-element elementor-element-223245b\" data-id=\"223245b\" data-element_type=\"column\">\n\t\t\t<div class=\"elementor-widget-wrap elementor-element-populated\">\n\t\t\t\t\t\t<div class=\"elementor-element elementor-element-959a9f8 elementor-widget elementor-widget-text-editor\" data-id=\"959a9f8\" data-element_type=\"widget\" data-widget_type=\"text-editor.default\">\n\t\t\t\t<div class=\"elementor-widget-container\">\n\t\t\t\t\t\t\t\t\t<p>Merci \u00e0 toutes celles et tous ceux qui sont venus assister \u00e0 notre r\u00e9union et avec qui chaque membre de notre liste a eu l&#8217;opportunit\u00e9 d&#8217;\u00e9changer autour de notre projet pour Buc.<\/p>\t\t\t\t\t\t\t\t<\/div>\n\t\t\t\t<\/div>\n\t\t\t\t\t<\/div>\n\t\t<\/div>\n\t\t\t\t\t<\/div>\n\t\t<\/section>\n\t\t\t\t<\/div>\n\t\t","protected":false},"excerpt":{"rendered":"<p>Pr\u00e8s de 200 personnes ont assist\u00e9 \u00e0 la premi\u00e8re r\u00e9union publique de Tous Ensemble Pour Buc ! Au cours de cette r\u00e9union, nous avons pu pr\u00e9senter notre liste, dire qui nous sommes, ce qui nous anime et quels sont les principaux \u00e9l\u00e9ments de notre projet pour Buc. Trois th\u00e8mes ont \u00e9t\u00e9 approfondis : la transition [&hellip;]<\/p>\n","protected":false},"author":1,"featured_media":815,"comment_status":"closed","ping_status":"open","sticky":false,"template":"","format":"standard","meta":{"site-sidebar-layout":"default","site-content-layout":"default","ast-site-content-layout":"default","site-content-style":"default","site-sidebar-style":"default","ast-global-header-display":"","ast-banner-title-visibility":"","ast-main-header-display":"","ast-hfb-above-header-display":"","ast-hfb-below-header-display":"","ast-hfb-mobile-header-display":"","site-post-title":"","ast-breadcrumbs-content":"","ast-featured-img":"","footer-sml-layout":"","theme-transparent-header-meta":"default","adv-header-id-meta":"","stick-header-meta":"","header-above-stick-meta":"","header-main-stick-meta":"","header-below-stick-meta":"","astra-migrate-meta-layouts":"default","ast-page-background-enabled":"default","ast-page-background-meta":{"desktop":{"background-color":"","background-image":"","background-repeat":"repeat","background-position":"center center","background-size":"auto","background-attachment":"scroll","background-type":"","background-media":"","overlay-type":"","overlay-color":"","overlay-opacity":"","overlay-gradient":""},"tablet":{"background-color":"","background-image":"","background-repeat":"repeat","background-position":"center center","background-size":"auto","background-attachment":"scroll","background-type":"","background-media":"","overlay-type":"","overlay-color":"","overlay-opacity":"","overlay-gradient":""},"mobile":{"background-color":"","background-image":"","background-repeat":"repeat","background-position":"center center","background-size":"auto","background-attachment":"scroll","background-type":"","background-media":"","overlay-type":"","overlay-color":"","overlay-opacity":"","overlay-gradient":""}},"ast-content-background-meta":{"desktop":{"background-color":"var(--ast-global-color-5)","background-image":"","background-repeat":"repeat","background-position":"center center","background-size":"auto","background-attachment":"scroll","background-type":"","background-media":"","overlay-type":"","overlay-color":"","overlay-opacity":"","overlay-gradient":""},"tablet":{"background-color":"var(--ast-global-color-5)","background-image":"","background-repeat":"repeat","background-position":"center center","background-size":"auto","background-attachment":"scroll","background-type":"","background-media":"","overlay-type":"","overlay-color":"","overlay-opacity":"","overlay-gradient":""},"mobile":{"background-color":"var(--ast-global-color-5)","background-image":"","background-repeat":"repeat","background-position":"center center","background-size":"auto","background-attachment":"scroll","background-type":"","background-media":"","overlay-type":"","overlay-color":"","overlay-opacity":"","overlay-gradient":""}},"footnotes":""},"categories":[1],"tags":[],"class_list":["post-812","post","type-post","status-publish","format-standard","has-post-thumbnail","hentry","category-non-classe"],"yoast_head":"<!-- This site is optimized with the Yoast SEO plugin v26.6 - https:\/\/yoast.com\/wordpress\/plugins\/seo\/ -->\n<title>Retour sur la r\u00e9union publique du 31 janvier - Tous Ensemble pour Buc !<\/title>\n<meta name=\"description\" content=\"Pr\u00e8s de 200 personnes ont assist\u00e9 \u00e0 la premi\u00e8re r\u00e9union publique de Tous Ensemble Pour Buc ! pour \u00e9changer autour de notre projet pour Buc\" \/>\n<meta name=\"robots\" content=\"index, follow, max-snippet:-1, max-image-preview:large, max-video-preview:-1\" \/>\n<link rel=\"canonical\" href=\"http:\/\/tousensemblepourbuc.org\/index.php\/2020\/02\/02\/retour-sur-la-reunion-publique-du-31-janvier\/\" \/>\n<meta property=\"og:locale\" content=\"en_US\" \/>\n<meta property=\"og:type\" content=\"article\" \/>\n<meta property=\"og:title\" content=\"Retour sur la r\u00e9union publique du 31 janvier - Tous Ensemble pour Buc !\" \/>\n<meta property=\"og:description\" content=\"Pr\u00e8s de 200 personnes ont assist\u00e9 \u00e0 la premi\u00e8re r\u00e9union publique de Tous Ensemble Pour Buc ! pour \u00e9changer autour de notre projet pour Buc\" \/>\n<meta property=\"og:url\" content=\"http:\/\/tousensemblepourbuc.org\/index.php\/2020\/02\/02\/retour-sur-la-reunion-publique-du-31-janvier\/\" \/>\n<meta property=\"og:site_name\" content=\"Tous Ensemble pour Buc !\" \/>\n<meta property=\"article:published_time\" content=\"2020-02-02T07:54:58+00:00\" \/>\n<meta property=\"article:modified_time\" content=\"2020-02-09T21:48:42+00:00\" \/>\n<meta property=\"og:image\" content=\"http:\/\/tousensemblepourbuc.org\/wp-content\/uploads\/2020\/02\/IMG_6131.jpg\" \/>\n\t<meta property=\"og:image:width\" content=\"4032\" \/>\n\t<meta property=\"og:image:height\" content=\"3024\" \/>\n\t<meta property=\"og:image:type\" content=\"image\/jpeg\" \/>\n<meta name=\"author\" content=\"admin1907\" \/>\n<meta name=\"twitter:card\" content=\"summary_large_image\" \/>\n<meta name=\"twitter:label1\" content=\"Written by\" \/>\n\t<meta name=\"twitter:data1\" content=\"admin1907\" \/>\n\t<meta name=\"twitter:label2\" content=\"Est. reading time\" \/>\n\t<meta name=\"twitter:data2\" content=\"1 minute\" \/>\n<script type=\"application\/ld+json\" class=\"yoast-schema-graph\">{\"@context\":\"https:\/\/schema.org\",\"@graph\":[{\"@type\":\"Article\",\"@id\":\"http:\/\/tousensemblepourbuc.org\/index.php\/2020\/02\/02\/retour-sur-la-reunion-publique-du-31-janvier\/#article\",\"isPartOf\":{\"@id\":\"http:\/\/tousensemblepourbuc.org\/index.php\/2020\/02\/02\/retour-sur-la-reunion-publique-du-31-janvier\/\"},\"author\":{\"name\":\"admin1907\",\"@id\":\"http:\/\/tousensemblepourbuc.org\/#\/schema\/person\/f46bc44ec623d920f6df4a7a9d54c497\"},\"headline\":\"Retour sur la r\u00e9union publique du 31 janvier\",\"datePublished\":\"2020-02-02T07:54:58+00:00\",\"dateModified\":\"2020-02-09T21:48:42+00:00\",\"mainEntityOfPage\":{\"@id\":\"http:\/\/tousensemblepourbuc.org\/index.php\/2020\/02\/02\/retour-sur-la-reunion-publique-du-31-janvier\/\"},\"wordCount\":128,\"publisher\":{\"@id\":\"http:\/\/tousensemblepourbuc.org\/#organization\"},\"image\":{\"@id\":\"http:\/\/tousensemblepourbuc.org\/index.php\/2020\/02\/02\/retour-sur-la-reunion-publique-du-31-janvier\/#primaryimage\"},\"thumbnailUrl\":\"http:\/\/tousensemblepourbuc.org\/wp-content\/uploads\/2020\/02\/IMG_6131.jpg\",\"articleSection\":[\"Non class\u00e9\"],\"inLanguage\":\"en-US\"},{\"@type\":\"WebPage\",\"@id\":\"http:\/\/tousensemblepourbuc.org\/index.php\/2020\/02\/02\/retour-sur-la-reunion-publique-du-31-janvier\/\",\"url\":\"http:\/\/tousensemblepourbuc.org\/index.php\/2020\/02\/02\/retour-sur-la-reunion-publique-du-31-janvier\/\",\"name\":\"Retour sur la r\u00e9union publique du 31 janvier - Tous Ensemble pour Buc !\",\"isPartOf\":{\"@id\":\"http:\/\/tousensemblepourbuc.org\/#website\"},\"primaryImageOfPage\":{\"@id\":\"http:\/\/tousensemblepourbuc.org\/index.php\/2020\/02\/02\/retour-sur-la-reunion-publique-du-31-janvier\/#primaryimage\"},\"image\":{\"@id\":\"http:\/\/tousensemblepourbuc.org\/index.php\/2020\/02\/02\/retour-sur-la-reunion-publique-du-31-janvier\/#primaryimage\"},\"thumbnailUrl\":\"http:\/\/tousensemblepourbuc.org\/wp-content\/uploads\/2020\/02\/IMG_6131.jpg\",\"datePublished\":\"2020-02-02T07:54:58+00:00\",\"dateModified\":\"2020-02-09T21:48:42+00:00\",\"description\":\"Pr\u00e8s de 200 personnes ont assist\u00e9 \u00e0 la premi\u00e8re r\u00e9union publique de Tous Ensemble Pour Buc ! pour \u00e9changer autour de notre projet pour Buc\",\"breadcrumb\":{\"@id\":\"http:\/\/tousensemblepourbuc.org\/index.php\/2020\/02\/02\/retour-sur-la-reunion-publique-du-31-janvier\/#breadcrumb\"},\"inLanguage\":\"en-US\",\"potentialAction\":[{\"@type\":\"ReadAction\",\"target\":[\"http:\/\/tousensemblepourbuc.org\/index.php\/2020\/02\/02\/retour-sur-la-reunion-publique-du-31-janvier\/\"]}]},{\"@type\":\"ImageObject\",\"inLanguage\":\"en-US\",\"@id\":\"http:\/\/tousensemblepourbuc.org\/index.php\/2020\/02\/02\/retour-sur-la-reunion-publique-du-31-janvier\/#primaryimage\",\"url\":\"http:\/\/tousensemblepourbuc.org\/wp-content\/uploads\/2020\/02\/IMG_6131.jpg\",\"contentUrl\":\"http:\/\/tousensemblepourbuc.org\/wp-content\/uploads\/2020\/02\/IMG_6131.jpg\",\"width\":4032,\"height\":3024},{\"@type\":\"BreadcrumbList\",\"@id\":\"http:\/\/tousensemblepourbuc.org\/index.php\/2020\/02\/02\/retour-sur-la-reunion-publique-du-31-janvier\/#breadcrumb\",\"itemListElement\":[{\"@type\":\"ListItem\",\"position\":1,\"name\":\"Accueil\",\"item\":\"http:\/\/tousensemblepourbuc.org\/\"},{\"@type\":\"ListItem\",\"position\":2,\"name\":\"Retour sur la r\u00e9union publique du 31 janvier\"}]},{\"@type\":\"WebSite\",\"@id\":\"http:\/\/tousensemblepourbuc.org\/#website\",\"url\":\"http:\/\/tousensemblepourbuc.org\/\",\"name\":\"Tous Ensemble pour Buc !\",\"description\":\"My Awesome &lt;b&gt;GivingPress&lt;\/b&gt;&lt;br \/&gt; Nonprofit Website\",\"publisher\":{\"@id\":\"http:\/\/tousensemblepourbuc.org\/#organization\"},\"potentialAction\":[{\"@type\":\"SearchAction\",\"target\":{\"@type\":\"EntryPoint\",\"urlTemplate\":\"http:\/\/tousensemblepourbuc.org\/?s={search_term_string}\"},\"query-input\":{\"@type\":\"PropertyValueSpecification\",\"valueRequired\":true,\"valueName\":\"search_term_string\"}}],\"inLanguage\":\"en-US\"},{\"@type\":\"Organization\",\"@id\":\"http:\/\/tousensemblepourbuc.org\/#organization\",\"name\":\"Tous Ensemble pour Buc !\",\"url\":\"http:\/\/tousensemblepourbuc.org\/\",\"logo\":{\"@type\":\"ImageObject\",\"inLanguage\":\"en-US\",\"@id\":\"http:\/\/tousensemblepourbuc.org\/#\/schema\/logo\/image\/\",\"url\":\"http:\/\/tousensemblepourbuc.org\/wp-content\/uploads\/2019\/11\/cropped-logo-tous-ensemble-pour-buc-banni\u00e8re-2.png\",\"contentUrl\":\"http:\/\/tousensemblepourbuc.org\/wp-content\/uploads\/2019\/11\/cropped-logo-tous-ensemble-pour-buc-banni\u00e8re-2.png\",\"width\":3735,\"height\":1246,\"caption\":\"Tous Ensemble pour Buc !\"},\"image\":{\"@id\":\"http:\/\/tousensemblepourbuc.org\/#\/schema\/logo\/image\/\"}},{\"@type\":\"Person\",\"@id\":\"http:\/\/tousensemblepourbuc.org\/#\/schema\/person\/f46bc44ec623d920f6df4a7a9d54c497\",\"name\":\"admin1907\",\"image\":{\"@type\":\"ImageObject\",\"inLanguage\":\"en-US\",\"@id\":\"http:\/\/tousensemblepourbuc.org\/#\/schema\/person\/image\/\",\"url\":\"https:\/\/secure.gravatar.com\/avatar\/bf8366c5ed158099378b4b04291012e625dd90550ebbb0a597cf3fc7b94f9758?s=96&d=mm&r=g\",\"contentUrl\":\"https:\/\/secure.gravatar.com\/avatar\/bf8366c5ed158099378b4b04291012e625dd90550ebbb0a597cf3fc7b94f9758?s=96&d=mm&r=g\",\"caption\":\"admin1907\"},\"url\":\"http:\/\/tousensemblepourbuc.org\/index.php\/author\/admin1907\/\"}]}<\/script>\n<!-- \/ Yoast SEO plugin. -->","yoast_head_json":{"title":"Retour sur la r\u00e9union publique du 31 janvier - Tous Ensemble pour Buc !","description":"Pr\u00e8s de 200 personnes ont assist\u00e9 \u00e0 la premi\u00e8re r\u00e9union publique de Tous Ensemble Pour Buc ! pour \u00e9changer autour de notre projet pour Buc","robots":{"index":"index","follow":"follow","max-snippet":"max-snippet:-1","max-image-preview":"max-image-preview:large","max-video-preview":"max-video-preview:-1"},"canonical":"http:\/\/tousensemblepourbuc.org\/index.php\/2020\/02\/02\/retour-sur-la-reunion-publique-du-31-janvier\/","og_locale":"en_US","og_type":"article","og_title":"Retour sur la r\u00e9union publique du 31 janvier - Tous Ensemble pour Buc !","og_description":"Pr\u00e8s de 200 personnes ont assist\u00e9 \u00e0 la premi\u00e8re r\u00e9union publique de Tous Ensemble Pour Buc ! pour \u00e9changer autour de notre projet pour Buc","og_url":"http:\/\/tousensemblepourbuc.org\/index.php\/2020\/02\/02\/retour-sur-la-reunion-publique-du-31-janvier\/","og_site_name":"Tous Ensemble pour Buc !","article_published_time":"2020-02-02T07:54:58+00:00","article_modified_time":"2020-02-09T21:48:42+00:00","og_image":[{"width":4032,"height":3024,"url":"http:\/\/tousensemblepourbuc.org\/wp-content\/uploads\/2020\/02\/IMG_6131.jpg","type":"image\/jpeg"}],"author":"admin1907","twitter_card":"summary_large_image","twitter_misc":{"Written by":"admin1907","Est. reading time":"1 minute"},"schema":{"@context":"https:\/\/schema.org","@graph":[{"@type":"Article","@id":"http:\/\/tousensemblepourbuc.org\/index.php\/2020\/02\/02\/retour-sur-la-reunion-publique-du-31-janvier\/#article","isPartOf":{"@id":"http:\/\/tousensemblepourbuc.org\/index.php\/2020\/02\/02\/retour-sur-la-reunion-publique-du-31-janvier\/"},"author":{"name":"admin1907","@id":"http:\/\/tousensemblepourbuc.org\/#\/schema\/person\/f46bc44ec623d920f6df4a7a9d54c497"},"headline":"Retour sur la r\u00e9union publique du 31 janvier","datePublished":"2020-02-02T07:54:58+00:00","dateModified":"2020-02-09T21:48:42+00:00","mainEntityOfPage":{"@id":"http:\/\/tousensemblepourbuc.org\/index.php\/2020\/02\/02\/retour-sur-la-reunion-publique-du-31-janvier\/"},"wordCount":128,"publisher":{"@id":"http:\/\/tousensemblepourbuc.org\/#organization"},"image":{"@id":"http:\/\/tousensemblepourbuc.org\/index.php\/2020\/02\/02\/retour-sur-la-reunion-publique-du-31-janvier\/#primaryimage"},"thumbnailUrl":"http:\/\/tousensemblepourbuc.org\/wp-content\/uploads\/2020\/02\/IMG_6131.jpg","articleSection":["Non class\u00e9"],"inLanguage":"en-US"},{"@type":"WebPage","@id":"http:\/\/tousensemblepourbuc.org\/index.php\/2020\/02\/02\/retour-sur-la-reunion-publique-du-31-janvier\/","url":"http:\/\/tousensemblepourbuc.org\/index.php\/2020\/02\/02\/retour-sur-la-reunion-publique-du-31-janvier\/","name":"Retour sur la r\u00e9union publique du 31 janvier - Tous Ensemble pour Buc !","isPartOf":{"@id":"http:\/\/tousensemblepourbuc.org\/#website"},"primaryImageOfPage":{"@id":"http:\/\/tousensemblepourbuc.org\/index.php\/2020\/02\/02\/retour-sur-la-reunion-publique-du-31-janvier\/#primaryimage"},"image":{"@id":"http:\/\/tousensemblepourbuc.org\/index.php\/2020\/02\/02\/retour-sur-la-reunion-publique-du-31-janvier\/#primaryimage"},"thumbnailUrl":"http:\/\/tousensemblepourbuc.org\/wp-content\/uploads\/2020\/02\/IMG_6131.jpg","datePublished":"2020-02-02T07:54:58+00:00","dateModified":"2020-02-09T21:48:42+00:00","description":"Pr\u00e8s de 200 personnes ont assist\u00e9 \u00e0 la premi\u00e8re r\u00e9union publique de Tous Ensemble Pour Buc ! pour \u00e9changer autour de notre projet pour Buc","breadcrumb":{"@id":"http:\/\/tousensemblepourbuc.org\/index.php\/2020\/02\/02\/retour-sur-la-reunion-publique-du-31-janvier\/#breadcrumb"},"inLanguage":"en-US","potentialAction":[{"@type":"ReadAction","target":["http:\/\/tousensemblepourbuc.org\/index.php\/2020\/02\/02\/retour-sur-la-reunion-publique-du-31-janvier\/"]}]},{"@type":"ImageObject","inLanguage":"en-US","@id":"http:\/\/tousensemblepourbuc.org\/index.php\/2020\/02\/02\/retour-sur-la-reunion-publique-du-31-janvier\/#primaryimage","url":"http:\/\/tousensemblepourbuc.org\/wp-content\/uploads\/2020\/02\/IMG_6131.jpg","contentUrl":"http:\/\/tousensemblepourbuc.org\/wp-content\/uploads\/2020\/02\/IMG_6131.jpg","width":4032,"height":3024},{"@type":"BreadcrumbList","@id":"http:\/\/tousensemblepourbuc.org\/index.php\/2020\/02\/02\/retour-sur-la-reunion-publique-du-31-janvier\/#breadcrumb","itemListElement":[{"@type":"ListItem","position":1,"name":"Accueil","item":"http:\/\/tousensemblepourbuc.org\/"},{"@type":"ListItem","position":2,"name":"Retour sur la r\u00e9union publique du 31 janvier"}]},{"@type":"WebSite","@id":"http:\/\/tousensemblepourbuc.org\/#website","url":"http:\/\/tousensemblepourbuc.org\/","name":"Tous Ensemble pour Buc !","description":"My Awesome &lt;b&gt;GivingPress&lt;\/b&gt;&lt;br \/&gt; Nonprofit Website","publisher":{"@id":"http:\/\/tousensemblepourbuc.org\/#organization"},"potentialAction":[{"@type":"SearchAction","target":{"@type":"EntryPoint","urlTemplate":"http:\/\/tousensemblepourbuc.org\/?s={search_term_string}"},"query-input":{"@type":"PropertyValueSpecification","valueRequired":true,"valueName":"search_term_string"}}],"inLanguage":"en-US"},{"@type":"Organization","@id":"http:\/\/tousensemblepourbuc.org\/#organization","name":"Tous Ensemble pour Buc !","url":"http:\/\/tousensemblepourbuc.org\/","logo":{"@type":"ImageObject","inLanguage":"en-US","@id":"http:\/\/tousensemblepourbuc.org\/#\/schema\/logo\/image\/","url":"http:\/\/tousensemblepourbuc.org\/wp-content\/uploads\/2019\/11\/cropped-logo-tous-ensemble-pour-buc-banni\u00e8re-2.png","contentUrl":"http:\/\/tousensemblepourbuc.org\/wp-content\/uploads\/2019\/11\/cropped-logo-tous-ensemble-pour-buc-banni\u00e8re-2.png","width":3735,"height":1246,"caption":"Tous Ensemble pour Buc !"},"image":{"@id":"http:\/\/tousensemblepourbuc.org\/#\/schema\/logo\/image\/"}},{"@type":"Person","@id":"http:\/\/tousensemblepourbuc.org\/#\/schema\/person\/f46bc44ec623d920f6df4a7a9d54c497","name":"admin1907","image":{"@type":"ImageObject","inLanguage":"en-US","@id":"http:\/\/tousensemblepourbuc.org\/#\/schema\/person\/image\/","url":"https:\/\/secure.gravatar.com\/avatar\/bf8366c5ed158099378b4b04291012e625dd90550ebbb0a597cf3fc7b94f9758?s=96&d=mm&r=g","contentUrl":"https:\/\/secure.gravatar.com\/avatar\/bf8366c5ed158099378b4b04291012e625dd90550ebbb0a597cf3fc7b94f9758?s=96&d=mm&r=g","caption":"admin1907"},"url":"http:\/\/tousensemblepourbuc.org\/index.php\/author\/admin1907\/"}]}},"_links":{"self":[{"href":"http:\/\/tousensemblepourbuc.org\/index.php\/wp-json\/wp\/v2\/posts\/812","targetHints":{"allow":["GET"]}}],"collection":[{"href":"http:\/\/tousensemblepourbuc.org\/index.php\/wp-json\/wp\/v2\/posts"}],"about":[{"href":"http:\/\/tousensemblepourbuc.org\/index.php\/wp-json\/wp\/v2\/types\/post"}],"author":[{"embeddable":true,"href":"http:\/\/tousensemblepourbuc.org\/index.php\/wp-json\/wp\/v2\/users\/1"}],"replies":[{"embeddable":true,"href":"http:\/\/tousensemblepourbuc.org\/index.php\/wp-json\/wp\/v2\/comments?post=812"}],"version-history":[{"count":6,"href":"http:\/\/tousensemblepourbuc.org\/index.php\/wp-json\/wp\/v2\/posts\/812\/revisions"}],"predecessor-version":[{"id":840,"href":"http:\/\/tousensemblepourbuc.org\/index.php\/wp-json\/wp\/v2\/posts\/812\/revisions\/840"}],"wp:featuredmedia":[{"embeddable":true,"href":"http:\/\/tousensemblepourbuc.org\/index.php\/wp-json\/wp\/v2\/media\/815"}],"wp:attachment":[{"href":"http:\/\/tousensemblepourbuc.org\/index.php\/wp-json\/wp\/v2\/media?parent=812"}],"wp:term":[{"taxonomy":"category","embeddable":true,"href":"http:\/\/tousensemblepourbuc.org\/index.php\/wp-json\/wp\/v2\/categories?post=812"},{"taxonomy":"post_tag","embeddable":true,"href":"http:\/\/tousensemblepourbuc.org\/index.php\/wp-json\/wp\/v2\/tags?post=812"}],"curies":[{"name":"wp","href":"https:\/\/api.w.org\/{rel}","templated":true}]}}